{"id":68,"date":"2020-01-14T11:15:10","date_gmt":"2020-01-14T10:15:10","guid":{"rendered":"https:\/\/digital.digicampus.fr\/appli-15\/?p=68"},"modified":"2020-01-14T11:15:10","modified_gmt":"2020-01-14T10:15:10","slug":"semanteme","status":"publish","type":"post","link":"https:\/\/digital.digicampus.fr\/appli-15\/2020\/01\/14\/semanteme\/","title":{"rendered":"S\u00e9mant\u00e8me"},"content":{"rendered":"\n<p class=\"justifie\">\u00c0 la recherche d\u2019une nouvelle adresse \u00e0 d\u00e9couvrir, nous avions r\u00e9serv\u00e9 une table pour le service du soir au S\u00e9mant\u00e8me. Situ\u00e9 dans le 6<sup>\u00e8me<\/sup>\u00a0arrondissement, nous pr\u00eemes le pari de venir d\u00e9couvrir la cuisine du chef Alban Vehi. De l\u2019ext\u00e9rieur le restaurant est discret et semble encastr\u00e9 dans l\u2019architecture de son immeuble.  De plus, nous avons \u00e9t\u00e9 accueillis chaleureusement dans un cadre sobre, \u00e9pur\u00e9, qui nous a tout de suite mis \u00e0 l\u2019aise.<\/p>\n\n\n\n<div class=\"wp-block-columns\">\n<div class=\"wp-block-column\">\n<figure class=\"wp-block-image size-large\"><img loading=\"lazy\" width=\"768\" height=\"1024\" src=\"https:\/\/digital.digicampus.fr\/appli-15\/wp-content\/uploads\/sites\/28\/2020\/01\/IMG_3276-768x1024.jpg\" alt=\"\" class=\"wp-image-69\" srcset=\"https:\/\/digital.digicampus.fr\/appli-15\/wp-content\/uploads\/sites\/28\/2020\/01\/IMG_3276-768x1024.jpg 768w, https:\/\/digital.digicampus.fr\/appli-15\/wp-content\/uploads\/sites\/28\/2020\/01\/IMG_3276-225x300.jpg 225w, https:\/\/digital.digicampus.fr\/appli-15\/wp-content\/uploads\/sites\/28\/2020\/01\/IMG_3276.jpg 1050w\" sizes=\"(max-width: 768px) 100vw, 768px\" \/><\/figure>\n<\/div>\n\n\n\n<div class=\"wp-block-column\">\n<figure class=\"wp-block-image size-large\"><img loading=\"lazy\" width=\"768\" height=\"1024\" src=\"https:\/\/digital.digicampus.fr\/appli-15\/wp-content\/uploads\/sites\/28\/2020\/01\/IMG_3277-768x1024.jpg\" alt=\"\" class=\"wp-image-70\" srcset=\"https:\/\/digital.digicampus.fr\/appli-15\/wp-content\/uploads\/sites\/28\/2020\/01\/IMG_3277-768x1024.jpg 768w, https:\/\/digital.digicampus.fr\/appli-15\/wp-content\/uploads\/sites\/28\/2020\/01\/IMG_3277-225x300.jpg 225w, https:\/\/digital.digicampus.fr\/appli-15\/wp-content\/uploads\/sites\/28\/2020\/01\/IMG_3277.jpg 1050w\" sizes=\"(max-width: 768px) 100vw, 768px\" \/><\/figure>\n<\/div>\n\n\n\n<div class=\"wp-block-column\">\n<figure class=\"wp-block-image size-large\"><img loading=\"lazy\" width=\"768\" height=\"1024\" src=\"https:\/\/digital.digicampus.fr\/appli-15\/wp-content\/uploads\/sites\/28\/2020\/01\/IMG_3278-768x1024.jpg\" alt=\"\" class=\"wp-image-72\" srcset=\"https:\/\/digital.digicampus.fr\/appli-15\/wp-content\/uploads\/sites\/28\/2020\/01\/IMG_3278-768x1024.jpg 768w, https:\/\/digital.digicampus.fr\/appli-15\/wp-content\/uploads\/sites\/28\/2020\/01\/IMG_3278-225x300.jpg 225w, https:\/\/digital.digicampus.fr\/appli-15\/wp-content\/uploads\/sites\/28\/2020\/01\/IMG_3278.jpg 1050w\" sizes=\"(max-width: 768px) 100vw, 768px\" \/><\/figure>\n<\/div>\n<\/div>\n\n\n\n<p class=\"justifie\">Nous d\u00e9butons le repas avec une mise en bouche croustillante. Juste ce qu&rsquo;il faut pour nous donner envie de d\u00e9guster la suite. Ensuite, une entr\u00e9e \u00e0 base de chorizo l\u00e9g\u00e8rement \u00e9pic\u00e9e et ses encornets \u00e0 la sauce tomate. Les plats arrivent, un poisson blanc et sa farandole de l\u00e9gume. Ainsi qu\u2019un plat forestier accompagn\u00e9 de champignons qui subliment le plat. Pour finir sur une note sucr\u00e9e, les desserts sont simples mais parfaitement r\u00e9ussis. D&rsquo;une part, un clafoutis aux fruits rouges et sa glace vanille sur le dessus. D&rsquo;autre part une d\u00e9clinaison de fraise melba.&nbsp;<\/p>\n\n\n\n<p class=\"justifie\">Enfin, au S\u00e9mant\u00e8me les saveurs sont au-rendez-vous. Chaque met enivre vos sens, que ce soit le go\u00fbt, la vue ou l\u2019odorat. Les plats propos\u00e9s sont des classiques remis au go\u00fbt du jour et cela fonctionne plut\u00f4t bien. Ce restaurant vaut le d\u00e9tour, le lieu et la cuisine sont vraiment originaux. Les chefs de rang vous feront passer un tr\u00e8s bon moment. N\u2019h\u00e9sitez pas \u00e0 leur poser des questions, ils sont serviables et accessibles.&nbsp;&nbsp;&nbsp;<\/p>\n\n\n\n<p class=\"justifie\"><strong>Enfin, voici quelques informations qui pourront vous \u00eatre utiles :<\/strong><\/p>\n\n\n\n<p class=\"justifie\">\ud83d\udccd73 rue Massena, 69006 Lyon<br>\ud83d\ude87&nbsp;\u00c0 proximit\u00e9 du m\u00e9tro brottaux<br>\ud83d\udcde&nbsp;06 46 58 36 90<br>\u23f0&nbsp;Ouvert du mardi midi au samedi soir : 12-14h et 19-21h<\/p>\n\n\n\n<p class=\"justifie\"><a href=\"https:\/\/restaurant-semanteme-lyon.fr\/\">Site internet<\/a>&nbsp;&#8211;&nbsp;<a href=\"https:\/\/www.facebook.com\/semanteme\/\">Facebook<\/a>&nbsp;&#8211;&nbsp;<a href=\"https:\/\/www.instagram.com\/semantemelyon\/\">Instagram<\/a><\/p>\n\n\n\n<p class=\"justifie\">Rendez-vous sur&nbsp;<a href=\"http:\/\/blogs.roux-f.com.fr\/blog-mcs3-48\/\">restaurant traditionnels<\/a>&nbsp;pour d\u00e9couvrir d&rsquo;autres adresses&nbsp;\ud83d\ude0a<\/p>\n","protected":false},"excerpt":{"rendered":"<p>\u00c0 la recherche d\u2019une nouvelle adresse \u00e0 d\u00e9couvrir, nous avions r\u00e9serv\u00e9 une table pour le service du soir au S\u00e9mant\u00e8me. Situ\u00e9 dans le 6\u00e8me\u00a0arrondissement, nous pr\u00eemes le pari de venir d\u00e9couvrir la cuisine du chef Alban Vehi. De l\u2019ext\u00e9rieur le restaurant est discret et semble encastr\u00e9 dans l\u2019architecture de son immeuble. De plus, nous avons [&hellip;]<\/p>\n","protected":false},"author":28,"featured_media":0,"comment_status":"open","ping_status":"open","sticky":false,"template":"","format":"standard","meta":[],"categories":[5],"tags":[],"_links":{"self":[{"href":"https:\/\/digital.digicampus.fr\/appli-15\/wp-json\/wp\/v2\/posts\/68"}],"collection":[{"href":"https:\/\/digital.digicampus.fr\/appli-15\/wp-json\/wp\/v2\/posts"}],"about":[{"href":"https:\/\/digital.digicampus.fr\/appli-15\/wp-json\/wp\/v2\/types\/post"}],"author":[{"embeddable":true,"href":"https:\/\/digital.digicampus.fr\/appli-15\/wp-json\/wp\/v2\/users\/28"}],"replies":[{"embeddable":true,"href":"https:\/\/digital.digicampus.fr\/appli-15\/wp-json\/wp\/v2\/comments?post=68"}],"version-history":[{"count":1,"href":"https:\/\/digital.digicampus.fr\/appli-15\/wp-json\/wp\/v2\/posts\/68\/revisions"}],"predecessor-version":[{"id":73,"href":"https:\/\/digital.digicampus.fr\/appli-15\/wp-json\/wp\/v2\/posts\/68\/revisions\/73"}],"wp:attachment":[{"href":"https:\/\/digital.digicampus.fr\/appli-15\/wp-json\/wp\/v2\/media?parent=68"}],"wp:term":[{"taxonomy":"category","embeddable":true,"href":"https:\/\/digital.digicampus.fr\/appli-15\/wp-json\/wp\/v2\/categories?post=68"},{"taxonomy":"post_tag","embeddable":true,"href":"https:\/\/digital.digicampus.fr\/appli-15\/wp-json\/wp\/v2\/tags?post=68"}],"curies":[{"name":"wp","href":"https:\/\/api.w.org\/{rel}","templated":true}]}}